{"id":18,"date":"2020-01-13T12:35:00","date_gmt":"2020-01-13T12:35:00","guid":{"rendered":"http:\/\/193.198.219.155\/vijesti\/?p=18"},"modified":"2020-12-21T08:22:45","modified_gmt":"2020-12-21T08:22:45","slug":"zapocinje-nacionalna-medijska-kampanja-ukljucite-se-za-bolje-obrazovanje","status":"publish","type":"post","link":"https:\/\/e-kvalifikacije.asoo.hr\/vijesti\/zapocinje-nacionalna-medijska-kampanja-ukljucite-se-za-bolje-obrazovanje\/","title":{"rendered":"Zapo\u010dinje Nacionalna Medijska Kampanja \u201euklju\u010dite Se Za Bolje Obrazovanje"},"content":{"rendered":"\n<p><strong>U ponedjeljak, 13. sije\u010dnja 2020. godine<\/strong>&nbsp;zapo\u010dinje nacionalna medijska kampanja&nbsp;<strong>\u201eUklju\u010dite se za bolje obrazovanje\u201c<\/strong>&nbsp;usmjerena prema gospodarstvenicima, poslodavcima i obrtnicima. Kampanja se provodi u razdoblju od&nbsp;<strong>13. sije\u010dnja 2020. do 13. o\u017eujka 2020. godine<\/strong>&nbsp;u okviru aktivnosti ESF projekta \u201eModernizacija sustava strukovnog obrazovanja i osposobljavanja\u201c s ciljem osiguravanja njihovog uklju\u010divanja u reformu i proces modernizacije strukovnog obrazovanja. Aktivnosti u okviru ove kampanje obuhva\u0107aju emitiranje TV i Radio spotova, Internet ogla\u0161avanje na nizu najpopularnijih portala, GO2Digital te printane oglase u novinama.<br><br>Uz ovu kratku najavu kampanje pozivamo Vas da pogledate i&nbsp;<a href=\"https:\/\/www.youtube.com\/watch?v=RiMF7WiAp-g\"><strong>TV spot<\/strong><\/a>&nbsp;\u010dijim emitiranjem u ponedjeljak u 13:49 na RTL-u te u 18:05 h na HTV 1 slu\u017ebeno i zapo\u010dinje ova medijska kampanja.<br><br>Za sve informacije i dodatne upite obratite se&nbsp;<strong>Agenciji za strukovno obrazovanje i obrazovanje odraslih<\/strong>, kontakt mail:&nbsp;<a href=\"mailto:upiti.modernizacija@asoo.hr\">upiti.modernizacija@asoo.hr<\/a><\/p>\n","protected":false},"excerpt":{"rendered":"<p>U ponedjeljak, 13. sije\u010dnja 2020. godine&nbsp;zapo\u010dinje nacionalna medijska kampanja&nbsp;\u201eUklju\u010dite se za bolje obrazovanje\u201c&nbsp;usmjerena prema gospodarstvenicima, poslodavcima i obrtnicima. Kampanja se provodi u razdoblju od&nbsp;13. sije\u010dnja 2020. do 13. o\u017eujka 2020. godine&nbsp;u okviru aktivnosti ESF projekta \u201eModernizacija sustava strukovnog obrazovanja i osposobljavanja\u201c s ciljem osiguravanja njihovog uklju\u010divanja u reformu i proces modernizacije strukovnog obrazovanja. Aktivnosti u [&hellip;]<\/p>\n","protected":false},"author":1,"featured_media":90,"comment_status":"open","ping_status":"open","sticky":false,"template":"","format":"standard","meta":[],"categories":[2],"tags":[],"_links":{"self":[{"href":"https:\/\/e-kvalifikacije.asoo.hr\/vijesti\/wp-json\/wp\/v2\/posts\/18"}],"collection":[{"href":"https:\/\/e-kvalifikacije.asoo.hr\/vijesti\/wp-json\/wp\/v2\/posts"}],"about":[{"href":"https:\/\/e-kvalifikacije.asoo.hr\/vijesti\/wp-json\/wp\/v2\/types\/post"}],"author":[{"embeddable":true,"href":"https:\/\/e-kvalifikacije.asoo.hr\/vijesti\/wp-json\/wp\/v2\/users\/1"}],"replies":[{"embeddable":true,"href":"https:\/\/e-kvalifikacije.asoo.hr\/vijesti\/wp-json\/wp\/v2\/comments?post=18"}],"version-history":[{"count":1,"href":"https:\/\/e-kvalifikacije.asoo.hr\/vijesti\/wp-json\/wp\/v2\/posts\/18\/revisions"}],"predecessor-version":[{"id":19,"href":"https:\/\/e-kvalifikacije.asoo.hr\/vijesti\/wp-json\/wp\/v2\/posts\/18\/revisions\/19"}],"wp:featuredmedia":[{"embeddable":true,"href":"https:\/\/e-kvalifikacije.asoo.hr\/vijesti\/wp-json\/wp\/v2\/media\/90"}],"wp:attachment":[{"href":"https:\/\/e-kvalifikacije.asoo.hr\/vijesti\/wp-json\/wp\/v2\/media?parent=18"}],"wp:term":[{"taxonomy":"category","embeddable":true,"href":"https:\/\/e-kvalifikacije.asoo.hr\/vijesti\/wp-json\/wp\/v2\/categories?post=18"},{"taxonomy":"post_tag","embeddable":true,"href":"https:\/\/e-kvalifikacije.asoo.hr\/vijesti\/wp-json\/wp\/v2\/tags?post=18"}],"curies":[{"name":"wp","href":"https:\/\/api.w.org\/{rel}","templated":true}]}}